{"id":10136,"date":"2024-02-22T12:03:47","date_gmt":"2024-02-22T15:03:47","guid":{"rendered":"https:\/\/cortinados.com.ar\/?p=10136"},"modified":"2024-02-22T12:22:05","modified_gmt":"2024-02-22T15:22:05","slug":"tela-tusor-un-clasico-versatil-para-el-verano","status":"publish","type":"post","link":"https:\/\/cortinados.com.ar\/index.php\/2024\/02\/22\/tela-tusor-un-clasico-versatil-para-el-verano\/","title":{"rendered":"Tela Tusor: Un cl\u00e1sico vers\u00e1til para el verano"},"content":{"rendered":"\n<p>El <strong>tusor<\/strong> es una tela de algod\u00f3n de origen argentino que se caracteriza por su frescura, textura arrugada y ca\u00edda natural. Su nombre proviene de la ciudad francesa de Tours, donde se tej\u00eda originalmente un tipo de tela similar.<\/p>\n\n\n\n<p><strong>Caracter\u00edsticas:<\/strong><\/p>\n\n\n\n<ul class=\"wp-block-list\">\n<li><strong>Tejido:<\/strong>&nbsp;El tusor se fabrica con un tejido plano de trama irregular,&nbsp;lo que le da su textura arrugada distintiva.<\/li>\n\n\n\n<li><strong>Fibra:<\/strong>&nbsp;Se compone principalmente de algod\u00f3n,&nbsp;aunque puede tener mezclas con otras fibras como lino o viscosa para mejorar sus propiedades.<\/li>\n\n\n\n<li><strong>Peso:<\/strong>&nbsp;Es una tela liviana y fresca,&nbsp;ideal para climas c\u00e1lidos.<\/li>\n\n\n\n<li><strong>Ca\u00edda:<\/strong>&nbsp;Tiene una ca\u00edda natural y fluida,&nbsp;lo que la hace ideal para prendas holgadas.<\/li>\n\n\n\n<li><strong>Arrugas:<\/strong>&nbsp;El tusor se caracteriza por su textura arrugada,&nbsp;que no requiere planchado y aporta un toque casual a las prendas.<\/li>\n\n\n\n<li><strong>Colores:<\/strong>&nbsp;Se encuentra en una amplia variedad de colores,&nbsp;desde tonos neutros hasta colores vibrantes.<\/li>\n<\/ul>\n\n\n\n<p><strong>Usos:<\/strong><\/p>\n\n\n\n<p>El tusor es una tela vers\u00e1til que se utiliza para una gran variedad de prendas y art\u00edculos:<\/p>\n\n\n\n<ul class=\"wp-block-list\">\n<li><strong>Prendas:<\/strong>&nbsp;Vestidos,&nbsp;camisas,&nbsp;blusas,&nbsp;pantalones,&nbsp;faldas,&nbsp;shorts,&nbsp;monos,&nbsp;pijamas.<\/li>\n\n\n\n<li><strong>Accesorios:<\/strong>&nbsp;Bolsos,&nbsp;pa\u00f1uelos,&nbsp;sombreros.<\/li>\n\n\n\n<li><strong>Decoraci\u00f3n del hogar:<\/strong>&nbsp;Manteles,&nbsp;servilletas,&nbsp;fundas de almohadas,&nbsp;cortinas.<\/li>\n<\/ul>\n\n\n\n<p><strong>Ventajas:<\/strong><\/p>\n\n\n\n<ul class=\"wp-block-list\">\n<li><strong>Fresca y respirable:<\/strong>&nbsp;Ideal para climas c\u00e1lidos.<\/li>\n\n\n\n<li><strong>C\u00f3moda y suave:<\/strong>&nbsp;Su textura arrugada la hace agradable al tacto.<\/li>\n\n\n\n<li><strong>Vers\u00e1til:<\/strong>&nbsp;Se puede usar para una gran variedad de prendas y art\u00edculos.<\/li>\n\n\n\n<li><strong>Duradera:<\/strong>&nbsp;Es una tela resistente que puede durar muchos a\u00f1os.<\/li>\n\n\n\n<li><strong>F\u00e1cil de cuidar:<\/strong>&nbsp;No requiere planchado y se puede lavar a m\u00e1quina.<\/li>\n<\/ul>\n\n\n\n<p><strong>Desventajas:<\/strong><\/p>\n\n\n\n<ul class=\"wp-block-list\">\n<li><strong>Arrugas:<\/strong>&nbsp;Si se busca un look m\u00e1s formal,&nbsp;puede ser necesario planchar la tela.<\/li>\n\n\n\n<li><strong>Precio:<\/strong>&nbsp;Puede ser un poco m\u00e1s costosa que otras telas de algod\u00f3n.<\/li>\n<\/ul>\n\n\n\n<p><strong>En resumen, el tusor es una tela vers\u00e1til, fresca y c\u00f3moda que se adapta a una gran variedad de estilos. Es una excelente opci\u00f3n para el verano y para quienes buscan prendas con un toque casual y natural.<\/strong><\/p>\n","protected":false},"excerpt":{"rendered":"<p>El tusor es una tela de algod\u00f3n de origen argentino que se caracteriza por su frescura, textura arrugada y ca\u00edda natural. Su nombre proviene de la ciudad francesa de Tours, donde se tej\u00eda originalmente un tipo de tela similar. Caracter\u00edsticas: Usos: El tusor es una tela vers\u00e1til que se utiliza para una gran variedad de [&hellip;]<\/p>\n","protected":false},"author":1,"featured_media":10137,"comment_status":"closed","ping_status":"closed","sticky":false,"template":"","format":"standard","meta":{"footnotes":""},"categories":[1,442],"tags":[441],"class_list":["post-10136","post","type-post","status-publish","format-standard","has-post-thumbnail","hentry","category-blog","category-trusor","tag-trusor"],"yoast_head":"<!-- This site is optimized with the Yoast SEO plugin v27.4 - https:\/\/yoast.com\/product\/yoast-seo-wordpress\/ -->\n<title>Tela Tusor: Un cl\u00e1sico vers\u00e1til para el verano - Cortinados.Com<\/title>\n<meta name=\"robots\" content=\"index, follow, max-snippet:-1, max-image-preview:large, max-video-preview:-1\" \/>\n<link rel=\"canonical\" href=\"https:\/\/cortinados.com.ar\/index.php\/2024\/02\/22\/tela-tusor-un-clasico-versatil-para-el-verano\/\" \/>\n<meta property=\"og:locale\" content=\"es_ES\" \/>\n<meta property=\"og:type\" content=\"article\" \/>\n<meta property=\"og:title\" content=\"Tela Tusor: Un cl\u00e1sico vers\u00e1til para el verano - Cortinados.Com\" \/>\n<meta property=\"og:description\" content=\"El tusor es una tela de algod\u00f3n de origen argentino que se caracteriza por su frescura, textura arrugada y ca\u00edda natural. Su nombre proviene de la ciudad francesa de Tours, donde se tej\u00eda originalmente un tipo de tela similar. Caracter\u00edsticas: Usos: El tusor es una tela vers\u00e1til que se utiliza para una gran variedad de [&hellip;]\" \/>\n<meta property=\"og:url\" content=\"https:\/\/cortinados.com.ar\/index.php\/2024\/02\/22\/tela-tusor-un-clasico-versatil-para-el-verano\/\" \/>\n<meta property=\"og:site_name\" content=\"Cortinados.Com\" \/>\n<meta property=\"article:publisher\" content=\"https:\/\/www.facebook.com\/cortinadoscomonce\" \/>\n<meta property=\"article:published_time\" content=\"2024-02-22T15:03:47+00:00\" \/>\n<meta property=\"article:modified_time\" content=\"2024-02-22T15:22:05+00:00\" \/>\n<meta property=\"og:image\" content=\"https:\/\/cortinados.com.ar\/wp-content\/uploads\/2024\/02\/blog-trusor.jpg\" \/>\n\t<meta property=\"og:image:width\" content=\"1200\" \/>\n\t<meta property=\"og:image:height\" content=\"600\" \/>\n\t<meta property=\"og:image:type\" content=\"image\/jpeg\" \/>\n<meta name=\"author\" content=\"Richard\" \/>\n<meta name=\"twitter:card\" content=\"summary_large_image\" \/>\n<meta name=\"twitter:label1\" content=\"Escrito por\" \/>\n\t<meta name=\"twitter:data1\" content=\"Richard\" \/>\n\t<meta name=\"twitter:label2\" content=\"Tiempo de lectura\" \/>\n\t<meta name=\"twitter:data2\" content=\"2 minutos\" \/>\n<script type=\"application\/ld+json\" class=\"yoast-schema-graph\">{\"@context\":\"https:\\\/\\\/schema.org\",\"@graph\":[{\"@type\":\"Article\",\"@id\":\"https:\\\/\\\/cortinados.com.ar\\\/index.php\\\/2024\\\/02\\\/22\\\/tela-tusor-un-clasico-versatil-para-el-verano\\\/#article\",\"isPartOf\":{\"@id\":\"https:\\\/\\\/cortinados.com.ar\\\/index.php\\\/2024\\\/02\\\/22\\\/tela-tusor-un-clasico-versatil-para-el-verano\\\/\"},\"author\":{\"name\":\"Richard\",\"@id\":\"https:\\\/\\\/cortinados.com.ar\\\/#\\\/schema\\\/person\\\/f9665c6843c548160053687f950e085b\"},\"headline\":\"Tela Tusor: Un cl\u00e1sico vers\u00e1til para el verano\",\"datePublished\":\"2024-02-22T15:03:47+00:00\",\"dateModified\":\"2024-02-22T15:22:05+00:00\",\"mainEntityOfPage\":{\"@id\":\"https:\\\/\\\/cortinados.com.ar\\\/index.php\\\/2024\\\/02\\\/22\\\/tela-tusor-un-clasico-versatil-para-el-verano\\\/\"},\"wordCount\":371,\"publisher\":{\"@id\":\"https:\\\/\\\/cortinados.com.ar\\\/#organization\"},\"image\":{\"@id\":\"https:\\\/\\\/cortinados.com.ar\\\/index.php\\\/2024\\\/02\\\/22\\\/tela-tusor-un-clasico-versatil-para-el-verano\\\/#primaryimage\"},\"thumbnailUrl\":\"https:\\\/\\\/cortinados.com.ar\\\/wp-content\\\/uploads\\\/2024\\\/02\\\/blog-trusor.jpg\",\"keywords\":[\"Trusor\"],\"articleSection\":[\"Blog\",\"Trusor\"],\"inLanguage\":\"es\"},{\"@type\":\"WebPage\",\"@id\":\"https:\\\/\\\/cortinados.com.ar\\\/index.php\\\/2024\\\/02\\\/22\\\/tela-tusor-un-clasico-versatil-para-el-verano\\\/\",\"url\":\"https:\\\/\\\/cortinados.com.ar\\\/index.php\\\/2024\\\/02\\\/22\\\/tela-tusor-un-clasico-versatil-para-el-verano\\\/\",\"name\":\"Tela Tusor: Un cl\u00e1sico vers\u00e1til para el verano - Cortinados.Com\",\"isPartOf\":{\"@id\":\"https:\\\/\\\/cortinados.com.ar\\\/#website\"},\"primaryImageOfPage\":{\"@id\":\"https:\\\/\\\/cortinados.com.ar\\\/index.php\\\/2024\\\/02\\\/22\\\/tela-tusor-un-clasico-versatil-para-el-verano\\\/#primaryimage\"},\"image\":{\"@id\":\"https:\\\/\\\/cortinados.com.ar\\\/index.php\\\/2024\\\/02\\\/22\\\/tela-tusor-un-clasico-versatil-para-el-verano\\\/#primaryimage\"},\"thumbnailUrl\":\"https:\\\/\\\/cortinados.com.ar\\\/wp-content\\\/uploads\\\/2024\\\/02\\\/blog-trusor.jpg\",\"datePublished\":\"2024-02-22T15:03:47+00:00\",\"dateModified\":\"2024-02-22T15:22:05+00:00\",\"breadcrumb\":{\"@id\":\"https:\\\/\\\/cortinados.com.ar\\\/index.php\\\/2024\\\/02\\\/22\\\/tela-tusor-un-clasico-versatil-para-el-verano\\\/#breadcrumb\"},\"inLanguage\":\"es\",\"potentialAction\":[{\"@type\":\"ReadAction\",\"target\":[\"https:\\\/\\\/cortinados.com.ar\\\/index.php\\\/2024\\\/02\\\/22\\\/tela-tusor-un-clasico-versatil-para-el-verano\\\/\"]}]},{\"@type\":\"ImageObject\",\"inLanguage\":\"es\",\"@id\":\"https:\\\/\\\/cortinados.com.ar\\\/index.php\\\/2024\\\/02\\\/22\\\/tela-tusor-un-clasico-versatil-para-el-verano\\\/#primaryimage\",\"url\":\"https:\\\/\\\/cortinados.com.ar\\\/wp-content\\\/uploads\\\/2024\\\/02\\\/blog-trusor.jpg\",\"contentUrl\":\"https:\\\/\\\/cortinados.com.ar\\\/wp-content\\\/uploads\\\/2024\\\/02\\\/blog-trusor.jpg\",\"width\":1200,\"height\":600},{\"@type\":\"BreadcrumbList\",\"@id\":\"https:\\\/\\\/cortinados.com.ar\\\/index.php\\\/2024\\\/02\\\/22\\\/tela-tusor-un-clasico-versatil-para-el-verano\\\/#breadcrumb\",\"itemListElement\":[{\"@type\":\"ListItem\",\"position\":1,\"name\":\"Portada\",\"item\":\"https:\\\/\\\/cortinados.com.ar\\\/\"},{\"@type\":\"ListItem\",\"position\":2,\"name\":\"Tela Tusor: Un cl\u00e1sico vers\u00e1til para el verano\"}]},{\"@type\":\"WebSite\",\"@id\":\"https:\\\/\\\/cortinados.com.ar\\\/#website\",\"url\":\"https:\\\/\\\/cortinados.com.ar\\\/\",\"name\":\"Cortinados.Com\",\"description\":\"+30 a\u00f1os de experiencia\",\"publisher\":{\"@id\":\"https:\\\/\\\/cortinados.com.ar\\\/#organization\"},\"potentialAction\":[{\"@type\":\"SearchAction\",\"target\":{\"@type\":\"EntryPoint\",\"urlTemplate\":\"https:\\\/\\\/cortinados.com.ar\\\/?s={search_term_string}\"},\"query-input\":{\"@type\":\"PropertyValueSpecification\",\"valueRequired\":true,\"valueName\":\"search_term_string\"}}],\"inLanguage\":\"es\"},{\"@type\":\"Organization\",\"@id\":\"https:\\\/\\\/cortinados.com.ar\\\/#organization\",\"name\":\"Cortinados.Com\",\"url\":\"https:\\\/\\\/cortinados.com.ar\\\/\",\"logo\":{\"@type\":\"ImageObject\",\"inLanguage\":\"es\",\"@id\":\"https:\\\/\\\/cortinados.com.ar\\\/#\\\/schema\\\/logo\\\/image\\\/\",\"url\":\"https:\\\/\\\/cortinados.com.ar\\\/wp-content\\\/uploads\\\/2024\\\/01\\\/cropped-faviconredondo.png\",\"contentUrl\":\"https:\\\/\\\/cortinados.com.ar\\\/wp-content\\\/uploads\\\/2024\\\/01\\\/cropped-faviconredondo.png\",\"width\":512,\"height\":512,\"caption\":\"Cortinados.Com\"},\"image\":{\"@id\":\"https:\\\/\\\/cortinados.com.ar\\\/#\\\/schema\\\/logo\\\/image\\\/\"},\"sameAs\":[\"https:\\\/\\\/www.facebook.com\\\/cortinadoscomonce\",\"https:\\\/\\\/www.instagram.com\\\/cortinados.comonce\"]},{\"@type\":\"Person\",\"@id\":\"https:\\\/\\\/cortinados.com.ar\\\/#\\\/schema\\\/person\\\/f9665c6843c548160053687f950e085b\",\"name\":\"Richard\",\"image\":{\"@type\":\"ImageObject\",\"inLanguage\":\"es\",\"@id\":\"https:\\\/\\\/secure.gravatar.com\\\/avatar\\\/5e2882145698c1c5256ee2752f4ce55b7226292a41787358cc7dec51aff8a35a?s=96&d=mm&r=g\",\"url\":\"https:\\\/\\\/secure.gravatar.com\\\/avatar\\\/5e2882145698c1c5256ee2752f4ce55b7226292a41787358cc7dec51aff8a35a?s=96&d=mm&r=g\",\"contentUrl\":\"https:\\\/\\\/secure.gravatar.com\\\/avatar\\\/5e2882145698c1c5256ee2752f4ce55b7226292a41787358cc7dec51aff8a35a?s=96&d=mm&r=g\",\"caption\":\"Richard\"},\"sameAs\":[\"https:\\\/\\\/cortinados.com.ar\"],\"url\":\"https:\\\/\\\/cortinados.com.ar\\\/index.php\\\/author\\\/richard_cortinados\\\/\"}]}<\/script>\n<!-- \/ Yoast SEO plugin. -->","yoast_head_json":{"title":"Tela Tusor: Un cl\u00e1sico vers\u00e1til para el verano - Cortinados.Com","robots":{"index":"index","follow":"follow","max-snippet":"max-snippet:-1","max-image-preview":"max-image-preview:large","max-video-preview":"max-video-preview:-1"},"canonical":"https:\/\/cortinados.com.ar\/index.php\/2024\/02\/22\/tela-tusor-un-clasico-versatil-para-el-verano\/","og_locale":"es_ES","og_type":"article","og_title":"Tela Tusor: Un cl\u00e1sico vers\u00e1til para el verano - Cortinados.Com","og_description":"El tusor es una tela de algod\u00f3n de origen argentino que se caracteriza por su frescura, textura arrugada y ca\u00edda natural. Su nombre proviene de la ciudad francesa de Tours, donde se tej\u00eda originalmente un tipo de tela similar. Caracter\u00edsticas: Usos: El tusor es una tela vers\u00e1til que se utiliza para una gran variedad de [&hellip;]","og_url":"https:\/\/cortinados.com.ar\/index.php\/2024\/02\/22\/tela-tusor-un-clasico-versatil-para-el-verano\/","og_site_name":"Cortinados.Com","article_publisher":"https:\/\/www.facebook.com\/cortinadoscomonce","article_published_time":"2024-02-22T15:03:47+00:00","article_modified_time":"2024-02-22T15:22:05+00:00","og_image":[{"width":1200,"height":600,"url":"https:\/\/cortinados.com.ar\/wp-content\/uploads\/2024\/02\/blog-trusor.jpg","type":"image\/jpeg"}],"author":"Richard","twitter_card":"summary_large_image","twitter_misc":{"Escrito por":"Richard","Tiempo de lectura":"2 minutos"},"schema":{"@context":"https:\/\/schema.org","@graph":[{"@type":"Article","@id":"https:\/\/cortinados.com.ar\/index.php\/2024\/02\/22\/tela-tusor-un-clasico-versatil-para-el-verano\/#article","isPartOf":{"@id":"https:\/\/cortinados.com.ar\/index.php\/2024\/02\/22\/tela-tusor-un-clasico-versatil-para-el-verano\/"},"author":{"name":"Richard","@id":"https:\/\/cortinados.com.ar\/#\/schema\/person\/f9665c6843c548160053687f950e085b"},"headline":"Tela Tusor: Un cl\u00e1sico vers\u00e1til para el verano","datePublished":"2024-02-22T15:03:47+00:00","dateModified":"2024-02-22T15:22:05+00:00","mainEntityOfPage":{"@id":"https:\/\/cortinados.com.ar\/index.php\/2024\/02\/22\/tela-tusor-un-clasico-versatil-para-el-verano\/"},"wordCount":371,"publisher":{"@id":"https:\/\/cortinados.com.ar\/#organization"},"image":{"@id":"https:\/\/cortinados.com.ar\/index.php\/2024\/02\/22\/tela-tusor-un-clasico-versatil-para-el-verano\/#primaryimage"},"thumbnailUrl":"https:\/\/cortinados.com.ar\/wp-content\/uploads\/2024\/02\/blog-trusor.jpg","keywords":["Trusor"],"articleSection":["Blog","Trusor"],"inLanguage":"es"},{"@type":"WebPage","@id":"https:\/\/cortinados.com.ar\/index.php\/2024\/02\/22\/tela-tusor-un-clasico-versatil-para-el-verano\/","url":"https:\/\/cortinados.com.ar\/index.php\/2024\/02\/22\/tela-tusor-un-clasico-versatil-para-el-verano\/","name":"Tela Tusor: Un cl\u00e1sico vers\u00e1til para el verano - Cortinados.Com","isPartOf":{"@id":"https:\/\/cortinados.com.ar\/#website"},"primaryImageOfPage":{"@id":"https:\/\/cortinados.com.ar\/index.php\/2024\/02\/22\/tela-tusor-un-clasico-versatil-para-el-verano\/#primaryimage"},"image":{"@id":"https:\/\/cortinados.com.ar\/index.php\/2024\/02\/22\/tela-tusor-un-clasico-versatil-para-el-verano\/#primaryimage"},"thumbnailUrl":"https:\/\/cortinados.com.ar\/wp-content\/uploads\/2024\/02\/blog-trusor.jpg","datePublished":"2024-02-22T15:03:47+00:00","dateModified":"2024-02-22T15:22:05+00:00","breadcrumb":{"@id":"https:\/\/cortinados.com.ar\/index.php\/2024\/02\/22\/tela-tusor-un-clasico-versatil-para-el-verano\/#breadcrumb"},"inLanguage":"es","potentialAction":[{"@type":"ReadAction","target":["https:\/\/cortinados.com.ar\/index.php\/2024\/02\/22\/tela-tusor-un-clasico-versatil-para-el-verano\/"]}]},{"@type":"ImageObject","inLanguage":"es","@id":"https:\/\/cortinados.com.ar\/index.php\/2024\/02\/22\/tela-tusor-un-clasico-versatil-para-el-verano\/#primaryimage","url":"https:\/\/cortinados.com.ar\/wp-content\/uploads\/2024\/02\/blog-trusor.jpg","contentUrl":"https:\/\/cortinados.com.ar\/wp-content\/uploads\/2024\/02\/blog-trusor.jpg","width":1200,"height":600},{"@type":"BreadcrumbList","@id":"https:\/\/cortinados.com.ar\/index.php\/2024\/02\/22\/tela-tusor-un-clasico-versatil-para-el-verano\/#breadcrumb","itemListElement":[{"@type":"ListItem","position":1,"name":"Portada","item":"https:\/\/cortinados.com.ar\/"},{"@type":"ListItem","position":2,"name":"Tela Tusor: Un cl\u00e1sico vers\u00e1til para el verano"}]},{"@type":"WebSite","@id":"https:\/\/cortinados.com.ar\/#website","url":"https:\/\/cortinados.com.ar\/","name":"Cortinados.Com","description":"+30 a\u00f1os de experiencia","publisher":{"@id":"https:\/\/cortinados.com.ar\/#organization"},"potentialAction":[{"@type":"SearchAction","target":{"@type":"EntryPoint","urlTemplate":"https:\/\/cortinados.com.ar\/?s={search_term_string}"},"query-input":{"@type":"PropertyValueSpecification","valueRequired":true,"valueName":"search_term_string"}}],"inLanguage":"es"},{"@type":"Organization","@id":"https:\/\/cortinados.com.ar\/#organization","name":"Cortinados.Com","url":"https:\/\/cortinados.com.ar\/","logo":{"@type":"ImageObject","inLanguage":"es","@id":"https:\/\/cortinados.com.ar\/#\/schema\/logo\/image\/","url":"https:\/\/cortinados.com.ar\/wp-content\/uploads\/2024\/01\/cropped-faviconredondo.png","contentUrl":"https:\/\/cortinados.com.ar\/wp-content\/uploads\/2024\/01\/cropped-faviconredondo.png","width":512,"height":512,"caption":"Cortinados.Com"},"image":{"@id":"https:\/\/cortinados.com.ar\/#\/schema\/logo\/image\/"},"sameAs":["https:\/\/www.facebook.com\/cortinadoscomonce","https:\/\/www.instagram.com\/cortinados.comonce"]},{"@type":"Person","@id":"https:\/\/cortinados.com.ar\/#\/schema\/person\/f9665c6843c548160053687f950e085b","name":"Richard","image":{"@type":"ImageObject","inLanguage":"es","@id":"https:\/\/secure.gravatar.com\/avatar\/5e2882145698c1c5256ee2752f4ce55b7226292a41787358cc7dec51aff8a35a?s=96&d=mm&r=g","url":"https:\/\/secure.gravatar.com\/avatar\/5e2882145698c1c5256ee2752f4ce55b7226292a41787358cc7dec51aff8a35a?s=96&d=mm&r=g","contentUrl":"https:\/\/secure.gravatar.com\/avatar\/5e2882145698c1c5256ee2752f4ce55b7226292a41787358cc7dec51aff8a35a?s=96&d=mm&r=g","caption":"Richard"},"sameAs":["https:\/\/cortinados.com.ar"],"url":"https:\/\/cortinados.com.ar\/index.php\/author\/richard_cortinados\/"}]}},"_links":{"self":[{"href":"https:\/\/cortinados.com.ar\/index.php\/wp-json\/wp\/v2\/posts\/10136","targetHints":{"allow":["GET"]}}],"collection":[{"href":"https:\/\/cortinados.com.ar\/index.php\/wp-json\/wp\/v2\/posts"}],"about":[{"href":"https:\/\/cortinados.com.ar\/index.php\/wp-json\/wp\/v2\/types\/post"}],"author":[{"embeddable":true,"href":"https:\/\/cortinados.com.ar\/index.php\/wp-json\/wp\/v2\/users\/1"}],"replies":[{"embeddable":true,"href":"https:\/\/cortinados.com.ar\/index.php\/wp-json\/wp\/v2\/comments?post=10136"}],"version-history":[{"count":1,"href":"https:\/\/cortinados.com.ar\/index.php\/wp-json\/wp\/v2\/posts\/10136\/revisions"}],"predecessor-version":[{"id":10138,"href":"https:\/\/cortinados.com.ar\/index.php\/wp-json\/wp\/v2\/posts\/10136\/revisions\/10138"}],"wp:featuredmedia":[{"embeddable":true,"href":"https:\/\/cortinados.com.ar\/index.php\/wp-json\/wp\/v2\/media\/10137"}],"wp:attachment":[{"href":"https:\/\/cortinados.com.ar\/index.php\/wp-json\/wp\/v2\/media?parent=10136"}],"wp:term":[{"taxonomy":"category","embeddable":true,"href":"https:\/\/cortinados.com.ar\/index.php\/wp-json\/wp\/v2\/categories?post=10136"},{"taxonomy":"post_tag","embeddable":true,"href":"https:\/\/cortinados.com.ar\/index.php\/wp-json\/wp\/v2\/tags?post=10136"}],"curies":[{"name":"wp","href":"https:\/\/api.w.org\/{rel}","templated":true}]}}